{"id":5351,"__str__":"POR N\u00ba 153/2025 - Portaria","link_detail_backend":"/docadm/5351","metadata":{},"numero":153,"complemento":"","ano":2025,"data":"2025-10-28","interessado":"","dias_prazo":null,"data_fim_prazo":null,"tramitacao":false,"assunto":"Fica alterada a Portaria 02/2025 que estabeleceu o calend\u00e1rio das sess\u00f5es, transferindo a Sess\u00e3o Solene para o dia 5 de dezembro as 18h.","numero_externo":null,"observacao":"","texto_integral":"http://sapl.carambei.pr.leg.br/media/sapl/private/documentoadministrativo/5351/portaria_153-2025_altera_portaria_2_2025_sessao_solene.pdf","restrito":false,"ip":"45.4.107.189","ultima_edicao":"2025-12-04T14:36:12.927959-03:00","tipo":4,"protocolo":null,"autor":null,"user":31,"anexados":[],"materiasvinculadas":[]}