{"id":5211,"__str__":"POR N\u00ba 142/2025 - Portaria","link_detail_backend":"/docadm/5211","metadata":{},"numero":142,"complemento":"","ano":2025,"data":"2025-10-01","interessado":"","dias_prazo":null,"data_fim_prazo":null,"tramitacao":true,"assunto":"Estabelece o per\u00edodo de frui\u00e7\u00e3o das f\u00e9rias no ano de 2026,","numero_externo":null,"observacao":"","texto_integral":"http://sapl.carambei.pr.leg.br/media/sapl/private/documentoadministrativo/5211/portaria_142-2025_programacao_de_ferias.pdf","restrito":false,"ip":"45.4.107.189","ultima_edicao":"2025-10-23T16:34:41.432198-03:00","tipo":4,"protocolo":null,"autor":null,"user":31,"anexados":[],"materiasvinculadas":[]}