{"id":4027,"__str__":"Indica\u00e7\u00e3o n\u00ba 63 de 2026","link_detail_backend":"/materia/4027","metadata":{},"numero":63,"ano":2026,"numero_protocolo":496,"data_apresentacao":"2026-04-27","tipo_apresentacao":"E","data_publicacao":null,"numero_origem_externa":"","ano_origem_externa":null,"data_origem_externa":null,"apelido":"","dias_prazo":null,"data_fim_prazo":null,"em_tramitacao":true,"polemica":false,"objeto":"","complementar":false,"ementa":"IND N\u00ba 063/2026 - Indica nos termos da Legisla\u00e7\u00e3o Municipal, que o Poder Executivo Municipal, por meio da Secretaria competente, seja realizada a revitaliza\u00e7\u00e3o e manuten\u00e7\u00e3o da cal\u00e7ada em frente \u00e0 Par\u00f3quia Imaculada Concei\u00e7\u00e3o de Carambe\u00ed.","indexacao":"","observacao":"","resultado":"","texto_original":"http://sapl.carambei.pr.leg.br/media/sapl/public/materialegislativa/2026/4027/protocolo_496_2026_ind_no_063_2026__revitalizacao_e_manutencao_da_calcada_em_frente_a_paroquia_imaculada_conceicao_de_carambei..pdf","data_ultima_atualizacao":"2026-04-30T14:23:55.944475-03:00","ip":"45.4.107.189","ultima_edicao":"2026-04-27T15:33:46.017362-03:00","tipo":8,"regime_tramitacao":1,"tipo_origem_externa":null,"local_origem_externa":null,"user":31,"anexadas":[],"autores":[49]}