{"id":53,"__str__":"Audi\u00eancia P\u00fablica","link_detail_backend":"/audiencia/53","metadata":{},"numero":6,"ano":2026,"nome":"Audi\u00eancia P\u00fablica","tema":"Promover o debate acerca do Projeto de Lei n\u00ba 39, que trata sobre o Transtorno do Espectro Autista (TEA).","data":"2026-04-28","hora_inicio":"14:00","hora_fim":"","observacao":"A realiza\u00e7\u00e3o deste evento visa garantir a participa\u00e7\u00e3o da comunidade, profissionais da \u00e1rea, autoridades e demais interessados, promovendo um espa\u00e7o democr\u00e1tico de di\u00e1logo, transpar\u00eancia e constru\u00e7\u00e3o coletiva de pol\u00edticas p\u00fablicas voltadas \u00e0 inclus\u00e3o e ao bem-estar das pessoas com TEA.","audiencia_cancelada":false,"url_audio":"","url_video":"https://www.facebook.com/CamaraMunicipaldeCarambei/videos/1282753653413550","upload_pauta":null,"upload_ata":null,"upload_anexo":null,"materia":3946,"tipo":1,"parlamentar_autor":null,"requerimento":null}